{"id":6892,"date":"2024-09-09T14:01:03","date_gmt":"2024-09-09T14:01:03","guid":{"rendered":"https:\/\/e-dentic.fr\/?p=6892"},"modified":"2024-09-10T15:01:58","modified_gmt":"2024-09-10T15:01:58","slug":"rapprochement-strategique-barcodis-et-e-dentic","status":"publish","type":"post","link":"https:\/\/e-dentic.fr\/fr_fr\/rapprochement-strategique-barcodis-et-e-dentic\/","title":{"rendered":"Communiqu\u00e9 de presse : rapprochement strat\u00e9gique entre Barcodis et E-Dentic"},"content":{"rendered":"\n<p class=\"has-black-color has-text-color has-link-color wp-elements-0e8bd4706ff4646a11dcf28093a07fe0\">E-Dentic est fier d&rsquo;annoncer <strong>un rapprochement strat\u00e9gique avec le <a href=\"https:\/\/www.barcodis.com\/\">groupe Barcodis<\/a><\/strong>, leader reconnu dans le secteur de l&rsquo;impression pose. Ce partenariat marque une \u00e9tape majeure dans notre d\u00e9veloppement et notre ambition de rester \u00e0 la pointe de l&rsquo;innovation au service des acteurs de la Supply Chain.<\/p>\n\n\n\n<div style=\"height:25px\" aria-hidden=\"true\" class=\"wp-block-spacer\"><\/div>\n\n\n\n<figure class=\"wp-block-image size-full is-resized\"><img fetchpriority=\"high\" decoding=\"async\" width=\"791\" height=\"184\" src=\"https:\/\/e-dentic.fr\/wp-content\/uploads\/2024\/09\/Barcodis-X-E-Dentic-2.png\" alt=\"\" class=\"wp-image-6968\" style=\"width:840px;height:auto\" srcset=\"https:\/\/e-dentic.fr\/wp-content\/uploads\/2024\/09\/Barcodis-X-E-Dentic-2.png 791w, https:\/\/e-dentic.fr\/wp-content\/uploads\/2024\/09\/Barcodis-X-E-Dentic-2-300x70.png 300w, https:\/\/e-dentic.fr\/wp-content\/uploads\/2024\/09\/Barcodis-X-E-Dentic-2-768x179.png 768w, https:\/\/e-dentic.fr\/wp-content\/uploads\/2024\/09\/Barcodis-X-E-Dentic-2-18x4.png 18w, https:\/\/e-dentic.fr\/wp-content\/uploads\/2024\/09\/Barcodis-X-E-Dentic-2-600x140.png 600w\" sizes=\"(max-width: 791px) 100vw, 791px\" \/><\/figure>\n\n\n\n<div style=\"height:25px\" aria-hidden=\"true\" class=\"wp-block-spacer\"><\/div>\n\n\n\n<p class=\"has-black-color has-text-color has-link-color wp-elements-a4c45d5094d60e66e1e2cbf3dbbfd2f2\">Gr\u00e2ce \u00e0 <strong>l&rsquo;expertise industrielle de Barcodis<\/strong>, E-Dentic consolide sa capacit\u00e9 \u00e0 d\u00e9ployer des solutions de qualit\u00e9 optimale, adapt\u00e9es aux exigences logistiques d\u2019aujourd\u2019hui et de demain. En s&rsquo;appuyant sur cette nouvelle force industrielle, nous sommes en mesure de renforcer notre pr\u00e9sence sur le march\u00e9 tout en offrant des services plus performants et plus r\u00e9actifs.<\/p>\n\n\n\n<div style=\"height:25px\" aria-hidden=\"true\" class=\"wp-block-spacer\"><\/div>\n\n\n\n<h2 class=\"wp-block-heading has-black-color has-text-color has-link-color wp-elements-0ffa67e52a130c52af0574e61990f2f6\" id=\"h-une-vision-commune-pour-l-innovation\" style=\"font-size:22px\">Une vision commune pour l&rsquo;innovation<\/h2>\n\n\n\n<p class=\"has-black-color has-text-color has-link-color wp-elements-3596d06590a20f7d69bb6cfe69381378\">En combinant notre expertise en <strong><a href=\"https:\/\/e-dentic.fr\/fr_fr\/gestion-de-litiges\/\">gestion de litiges<\/a><\/strong>, <a href=\"https:\/\/e-dentic.fr\/fr_fr\/optimisation-process\/\"><strong>optimisation des processus<\/strong><\/a> et <strong><a href=\"https:\/\/e-dentic.fr\/fr_fr\/materiel-radiofrequence\/\">solutions de radiofr\u00e9quence<\/a><\/strong> au savoir faire industriel de Barcodis, nous visons \u00e0 proposer une offre enrichie et des innovations technologiques de pointe \u00e0 nos clients. Ensemble, nous serons mieux \u00e9quip\u00e9s pour r\u00e9pondre aux besoins croissants de digitalisation et d&rsquo;efficacit\u00e9 dans les entrep\u00f4ts logistiques.<\/p>\n\n\n\n<div style=\"height:25px\" aria-hidden=\"true\" class=\"wp-block-spacer\"><\/div>\n\n\n\n<h2 class=\"wp-block-heading has-black-color has-text-color has-link-color wp-elements-e6f3a781f23183cd2f218658fa0b4823\" id=\"h-les-evolutions-emanant-de-ce-rapprochement\" style=\"font-size:22px\">Les \u00e9volutions \u00e9manant de ce rapprochement<\/h2>\n\n\n\n<p class=\"has-black-color has-text-color has-link-color wp-elements-a2b9df7cdb532490c61bc8dd995beec7\">Pour nos clients et partenaires, ce rapprochement se traduira par <strong>des solutions plus int\u00e9gr\u00e9es<\/strong>, un service encore plus r\u00e9actif, et un <strong>accompagnement <\/strong>toujours plus proche de leurs r\u00e9alit\u00e9s terrain. Notre engagement envers l\u2019expertise, l\u2019accompagnement et la satisfaction de nos clients reste inchang\u00e9.<\/p>\n\n\n\n<div style=\"height:25px\" aria-hidden=\"true\" class=\"wp-block-spacer\"><\/div>\n\n\n\n<h2 class=\"wp-block-heading has-black-color has-text-color has-link-color wp-elements-996ba4f7cf109168ec772d178db09079\" id=\"h-le-mot-du-president-d-e-dentic-gilles-tassery\" style=\"font-size:22px\">Le mot du pr\u00e9sident d&rsquo;E-Dentic, Gilles Tassery<\/h2>\n\n\n\t\t<div data-elementor-type=\"section\" data-elementor-id=\"6915\" class=\"elementor elementor-6915\">\n\t\t\t\t\t<div class=\"elementor-section-wrap\">\n\t\t\t\t\t\t\t\t<section data-particle_enable=\"false\" data-particle-mobile-disabled=\"false\" class=\"elementor-section elementor-top-section elementor-element elementor-element-397aa4c5 elementor-section-boxed elementor-section-height-default elementor-section-height-default\" data-id=\"397aa4c5\" data-element_type=\"section\" data-settings=\"{&quot;animation&quot;:&quot;none&quot;}\">\n\t\t\t\t\t\t<div class=\"elementor-container elementor-column-gap-no\">\n\t\t\t\t\t<div class=\"elementor-column elementor-col-100 elementor-top-column elementor-element elementor-element-12981858\" data-id=\"12981858\" data-element_type=\"column\" id=\"suite\" data-settings=\"{&quot;background_background&quot;:&quot;classic&quot;}\">\n\t\t\t<div class=\"elementor-widget-wrap elementor-element-populated\">\n\t\t\t\t\t\t<div class=\"elementor-element elementor-element-389efba8 elementor-view-default elementor-widget elementor-widget-icon\" data-id=\"389efba8\" data-element_type=\"widget\" data-widget_type=\"icon.default\">\n\t\t\t\t<div class=\"elementor-widget-container\">\n\t\t\t\t\t\t\t<div class=\"elementor-icon-wrapper\">\n\t\t\t<div class=\"elementor-icon\">\n\t\t\t<svg aria-hidden=\"true\" class=\"e-font-icon-svg e-fas-quote-left\" viewBox=\"0 0 512 512\" xmlns=\"http:\/\/www.w3.org\/2000\/svg\"><path d=\"M464 256h-80v-64c0-35.3 28.7-64 64-64h8c13.3 0 24-10.7 24-24V56c0-13.3-10.7-24-24-24h-8c-88.4 0-160 71.6-160 160v240c0 26.5 21.5 48 48 48h128c26.5 0 48-21.5 48-48V304c0-26.5-21.5-48-48-48zm-288 0H96v-64c0-35.3 28.7-64 64-64h8c13.3 0 24-10.7 24-24V56c0-13.3-10.7-24-24-24h-8C71.6 32 0 103.6 0 192v240c0 26.5 21.5 48 48 48h128c26.5 0 48-21.5 48-48V304c0-26.5-21.5-48-48-48z\"><\/path><\/svg>\t\t\t<\/div>\n\t\t<\/div>\n\t\t\t\t\t\t<\/div>\n\t\t\t\t<\/div>\n\t\t\t\t<div class=\"elementor-element elementor-element-8c9dc45 elementor-widget elementor-widget-testimonial\" data-id=\"8c9dc45\" data-element_type=\"widget\" data-widget_type=\"testimonial.default\">\n\t\t\t\t<div class=\"elementor-widget-container\">\n\t\t\t\t\t\t\t<div class=\"elementor-testimonial-wrapper\">\n\t\t\t\t\t\t\t<div class=\"elementor-testimonial-content\">D\u00e9j\u00e0 plus de 20 ans d\u2019existence pour E-Dentic\u2026 Que le temps passe vite !\n<br><br>\nCes deux d\u00e9cennies ont \u00e9t\u00e9 marqu\u00e9es par des progr\u00e8s constants, des journ\u00e9es riches en d\u00e9couvertes, de belles rencontres, et des moments [...]<\/div>\n\t\t\t\n\t\t\t\t\t<\/div>\n\t\t\t\t\t\t<\/div>\n\t\t\t\t<\/div>\n\t\t\t\t<div class=\"elementor-element elementor-element-c55f436 elementor-widget__width-inherit e-transform elementor-mobile-align-center elementor-widget-mobile__width-inherit elementor-align-left elementor-widget elementor-widget-button\" data-id=\"c55f436\" data-element_type=\"widget\" data-settings=\"{&quot;_transform_translateY_effect_hover&quot;:{&quot;unit&quot;:&quot;px&quot;,&quot;size&quot;:-4,&quot;sizes&quot;:[]},&quot;_transform_translateX_effect_hover&quot;:{&quot;unit&quot;:&quot;px&quot;,&quot;size&quot;:&quot;&quot;,&quot;sizes&quot;:[]},&quot;_transform_translateX_effect_hover_tablet&quot;:{&quot;unit&quot;:&quot;px&quot;,&quot;size&quot;:&quot;&quot;,&quot;sizes&quot;:[]},&quot;_transform_translateX_effect_hover_mobile&quot;:{&quot;unit&quot;:&quot;px&quot;,&quot;size&quot;:&quot;&quot;,&quot;sizes&quot;:[]},&quot;_transform_translateY_effect_hover_tablet&quot;:{&quot;unit&quot;:&quot;px&quot;,&quot;size&quot;:&quot;&quot;,&quot;sizes&quot;:[]},&quot;_transform_translateY_effect_hover_mobile&quot;:{&quot;unit&quot;:&quot;px&quot;,&quot;size&quot;:&quot;&quot;,&quot;sizes&quot;:[]}}\" data-widget_type=\"button.default\">\n\t\t\t\t<div class=\"elementor-widget-container\">\n\t\t\t\t\t\t\t\t\t<div class=\"elementor-button-wrapper\">\n\t\t\t\t\t<a class=\"elementor-button elementor-size-sm\" role=\"button\">\n\t\t\t\t\t\t<span class=\"elementor-button-content-wrapper\">\n\t\t\t\t\t\t<span class=\"elementor-button-icon\">\n\t\t\t\t<svg aria-hidden=\"true\" class=\"e-font-icon-svg e-fas-chevron-right\" viewBox=\"0 0 320 512\" xmlns=\"http:\/\/www.w3.org\/2000\/svg\"><path d=\"M285.476 272.971L91.132 467.314c-9.373 9.373-24.569 9.373-33.941 0l-22.667-22.667c-9.357-9.357-9.375-24.522-.04-33.901L188.505 256 34.484 101.255c-9.335-9.379-9.317-24.544.04-33.901l22.667-22.667c9.373-9.373 24.569-9.373 33.941 0L285.475 239.03c9.373 9.372 9.373 24.568.001 33.941z\"><\/path><\/svg>\t\t\t<\/span>\n\t\t\t\t\t\t\t\t\t<span class=\"elementor-button-text\">Lire la suite<\/span>\n\t\t\t\t\t<\/span>\n\t\t\t\t\t<\/a>\n\t\t\t\t<\/div>\n\t\t\t\t\t\t\t\t<\/div>\n\t\t\t\t<\/div>\n\t\t\t\t<div class=\"elementor-element elementor-element-ba50a7a elementor-widget elementor-widget-testimonial\" data-id=\"ba50a7a\" data-element_type=\"widget\" data-widget_type=\"testimonial.default\">\n\t\t\t\t<div class=\"elementor-widget-container\">\n\t\t\t\t\t\t\t<div class=\"elementor-testimonial-wrapper\">\n\t\t\t\n\t\t\t\t\t\t<div class=\"elementor-testimonial-meta elementor-has-image elementor-testimonial-image-position-aside\">\n\t\t\t\t<div class=\"elementor-testimonial-meta-inner\">\n\t\t\t\t\t\t\t\t\t\t\t<div class=\"elementor-testimonial-image\">\n\t\t\t\t\t\t\t<img decoding=\"async\" width=\"500\" height=\"500\" src=\"https:\/\/e-dentic.fr\/wp-content\/uploads\/2024\/09\/Photo-de-profil-Gilles.png\" class=\"attachment-full size-full wp-image-6919\" alt=\"Gilles Tassery Pr\u00e9sident E-Dentic\" srcset=\"https:\/\/e-dentic.fr\/wp-content\/uploads\/2024\/09\/Photo-de-profil-Gilles.png 500w, https:\/\/e-dentic.fr\/wp-content\/uploads\/2024\/09\/Photo-de-profil-Gilles-300x300.png 300w, https:\/\/e-dentic.fr\/wp-content\/uploads\/2024\/09\/Photo-de-profil-Gilles-150x150.png 150w, https:\/\/e-dentic.fr\/wp-content\/uploads\/2024\/09\/Photo-de-profil-Gilles-12x12.png 12w, https:\/\/e-dentic.fr\/wp-content\/uploads\/2024\/09\/Photo-de-profil-Gilles-100x100.png 100w\" sizes=\"(max-width: 500px) 100vw, 500px\" \/>\t\t\t\t\t\t<\/div>\n\t\t\t\t\t\n\t\t\t\t\t\t\t\t\t\t<div class=\"elementor-testimonial-details\">\n\t\t\t\t\t\t\t\t\t\t\t\t\t\t<div class=\"elementor-testimonial-name\">Gilles Tassery<\/div>\n\t\t\t\t\t\t\t\t\t\t\t\t\t\t\t\t\t\t\t\t\t\t<div class=\"elementor-testimonial-job\">Pr\u00e9sident E-DENTIC<\/div>\n\t\t\t\t\t\t\t\t\t\t\t\t\t<\/div>\n\t\t\t\t\t\t\t\t\t<\/div>\n\t\t\t<\/div>\n\t\t\t\t\t<\/div>\n\t\t\t\t\t\t<\/div>\n\t\t\t\t<\/div>\n\t\t\t\t\t<\/div>\n\t\t<\/div>\n\t\t\t\t\t<\/div>\n\t\t<\/section>\n\t\t\t\t<section data-particle_enable=\"false\" data-particle-mobile-disabled=\"false\" class=\"dce-visibility-element-hidden dce-visibility-original-content dce-visibility-event elementor-section elementor-top-section elementor-element elementor-element-b75373d elementor-section-boxed elementor-section-height-default elementor-section-height-default\" data-id=\"b75373d\" data-element_type=\"section\" id=\"retour\" data-settings=\"{&quot;enabled_visibility&quot;:&quot;yes&quot;,&quot;dce_visibility_click&quot;:&quot;#suite&quot;,&quot;dce_visibility_click_other&quot;:&quot;#suite&quot;,&quot;animation&quot;:&quot;none&quot;,&quot;dce_visibility_selected&quot;:&quot;yes&quot;,&quot;dce_visibility_event&quot;:&quot;click&quot;}\">\n\t\t\t\t\t\t<div class=\"elementor-container elementor-column-gap-no\">\n\t\t\t\t\t<div class=\"elementor-column elementor-col-100 elementor-top-column elementor-element elementor-element-e963929\" data-id=\"e963929\" data-element_type=\"column\" data-settings=\"{&quot;background_background&quot;:&quot;classic&quot;}\">\n\t\t\t<div class=\"elementor-widget-wrap elementor-element-populated\">\n\t\t\t\t\t\t<div class=\"elementor-element elementor-element-594da20 elementor-view-default elementor-widget elementor-widget-icon\" data-id=\"594da20\" data-element_type=\"widget\" data-widget_type=\"icon.default\">\n\t\t\t\t<div class=\"elementor-widget-container\">\n\t\t\t\t\t\t\t<div class=\"elementor-icon-wrapper\">\n\t\t\t<div class=\"elementor-icon\">\n\t\t\t<svg aria-hidden=\"true\" class=\"e-font-icon-svg e-fas-quote-left\" viewBox=\"0 0 512 512\" xmlns=\"http:\/\/www.w3.org\/2000\/svg\"><path d=\"M464 256h-80v-64c0-35.3 28.7-64 64-64h8c13.3 0 24-10.7 24-24V56c0-13.3-10.7-24-24-24h-8c-88.4 0-160 71.6-160 160v240c0 26.5 21.5 48 48 48h128c26.5 0 48-21.5 48-48V304c0-26.5-21.5-48-48-48zm-288 0H96v-64c0-35.3 28.7-64 64-64h8c13.3 0 24-10.7 24-24V56c0-13.3-10.7-24-24-24h-8C71.6 32 0 103.6 0 192v240c0 26.5 21.5 48 48 48h128c26.5 0 48-21.5 48-48V304c0-26.5-21.5-48-48-48z\"><\/path><\/svg>\t\t\t<\/div>\n\t\t<\/div>\n\t\t\t\t\t\t<\/div>\n\t\t\t\t<\/div>\n\t\t\t\t<div class=\"dce-visibility-element-hidden dce-visibility-original-content dce-visibility-event elementor-element elementor-element-0f830ba elementor-widget elementor-widget-testimonial\" data-id=\"0f830ba\" data-element_type=\"widget\" data-settings=\"{&quot;enabled_visibility&quot;:&quot;yes&quot;,&quot;dce_visibility_click&quot;:&quot;#suite&quot;,&quot;dce_visibility_click_other&quot;:&quot;#suite&quot;,&quot;dce_visibility_selected&quot;:&quot;yes&quot;,&quot;dce_visibility_event&quot;:&quot;click&quot;}\" data-widget_type=\"testimonial.default\">\n\t\t\t\t<div class=\"elementor-widget-container\">\n\t\t\t\t\t\t\t<div class=\"elementor-testimonial-wrapper\">\n\t\t\t\t\t\t\t<div class=\"elementor-testimonial-content\">D\u00e9j\u00e0 plus de 20 ans d\u2019existence pour E-Dentic\u2026 Que le temps passe vite !\n<br><br>\nCes deux d\u00e9cennies ont \u00e9t\u00e9 marqu\u00e9es par des progr\u00e8s constants, des journ\u00e9es riches en d\u00e9couvertes, de belles rencontres, et des moments inoubliables. Tout au long de cette p\u00e9riode, nous avons su pr\u00e9server l\u2019\u00e2me cr\u00e9ative, le sens du service et le respect du client qui font l\u2019identit\u00e9 d'E-Dentic.\n<br><br>\n\u00c0 nos d\u00e9buts, il n\u2019a pas \u00e9t\u00e9 facile de nous imposer dans un march\u00e9 o\u00f9 les acteurs \u00e9taient bien \u00e9tablis et voyaient avec appr\u00e9hension l\u2019arriv\u00e9e de notre entreprise, alors per\u00e7ue comme un outsider sur le march\u00e9 du code \u00e0 barres. Notre premier succ\u00e8s, l\u2019ouverture de la gamme SYMBOL \/ MOTOROLA, a \u00e9t\u00e9 rendu possible gr\u00e2ce au soutien de David Faregeton, DSI d\u2019Alloin \u00e0 l\u2019\u00e9poque.\n<br><br>\nGuid\u00e9s par un esprit innovant et disruptif, nous avons rapidement explor\u00e9 l\u2019int\u00e9gration de la vid\u00e9o dans la relation client. C\u2019est ainsi qu\u2019il y a 15 ans, nous avons lanc\u00e9 la premi\u00e8re solution fran\u00e7aise de vid\u00e9o-tracking, devenant leaders du march\u00e9 en 2024. Par la suite, nous avons d\u00e9velopp\u00e9 des solutions de digitalisation des gestes via les technologies Beacon, des logiciels de mod\u00e9lisation de donn\u00e9es en temps r\u00e9el pour le management des quais, et bien d\u2019autres innovations encore.\n<br><br>\nAu fil de ces ann\u00e9es, nous avons suivi un cap bien d\u00e9fini : apporter des nouveaut\u00e9s dans le domaine de la logistique et partager notre vision d\u2019une relation client respectueuse, tout en valorisant les salari\u00e9s dans la Supply Chain. Nous avons eu la chance de croiser des personnes extraordinaires qui ont cru en notre vision et qui ont contribu\u00e9 \u00e0 la r\u00e9alisation de nos projets. Gr\u00e2ce \u00e0 leur soutien, nous avons pu d\u00e9montrer que nos id\u00e9es avaient une v\u00e9ritable raison d\u2019\u00eatre.\n<br><br>\nCependant, nous avons \u00e9galement appris que le succ\u00e8s appelle des d\u00e9fis. Lorsque nos solutions se sont av\u00e9r\u00e9es efficaces, nos concurrents ont suivi notre exemple et nos clients ont exprim\u00e9 leur besoin de s\u2019appuyer sur des partenaires de plus grande envergure. Face \u00e0 cette r\u00e9alit\u00e9, nous avons d\u00e9cid\u00e9 qu\u2019il \u00e9tait temps de franchir une nouvelle \u00e9tape.\n<br><br>\nC\u2019est donc avec enthousiasme que nous annon\u00e7ons notre rapprochement strat\u00e9gique avec le groupe Barcodis, dirig\u00e9 avec brio par Fabrice Coevet, un ami de longue date qui, il y a 30 ans, m\u2019avait introduit dans le monde du code \u00e0 barres. Sous sa direction, Barcodis est pass\u00e9 de 7 \u00e0 50 millions d\u2019euros de chiffre d\u2019affaires en seulement 10 ans, et nous croyons fermement qu\u2019ensemble, nous pourrons aller encore plus loin.\n<br><br>\nCette fusion nous permet d'acc\u00e9der \u00e0 des ressources commerciales et techniques pratiquement in\u00e9gal\u00e9es sur notre march\u00e9, et d\u2019offrir \u00e0 nos clients un groupe de 60 millions d\u2019euros, visant les 100 millions sur les cinq prochaines ann\u00e9es, renfor\u00e7ant ainsi notre position en tant que leader du march\u00e9.\n<br>\nBarcodis est fortement pr\u00e9sent dans l'industrie, avec une large gamme de mat\u00e9riels et de services compl\u00e9mentaires, notamment dans le domaine de l\u2019impression et de l\u2019\u00e9tiquetage. Gr\u00e2ce \u00e0 ce rapprochement, nous serons le seul acteur du march\u00e9 \u00e0 proposer une offre compl\u00e8te de solutions d\u2019identification, r\u00e9pondant ainsi aux attentes croissantes de nos clients pour un partenaire unique couvrant l\u2019ensemble de la cha\u00eene logistique et des services.\n<br><br>\nE-Dentic conservera bien entendu son ADN unique, et notre \u00e9quipe continuera de piloter l\u2019entreprise avec la m\u00eame passion et d\u00e9termination pour d\u00e9velopper et mettre en \u0153uvre des solutions toujours plus innovantes.\n<br><br>\nAujourd\u2019hui, nous franchissons un cap important, et nous tenons \u00e0 remercier chaleureusement tous ceux qui ont contribu\u00e9 \u00e0 cette aventure. Nous sommes impatients de d\u00e9buter ce nouveau chapitre aux c\u00f4t\u00e9s de Barcodis, avec la conviction que, ensemble, nous irons encore plus loin.\n<br><br>\n<b>Merci \u00e0 toutes et \u00e0 tous pour votre confiance et votre soutien.<\/b><\/div>\n\t\t\t\n\t\t\t\t\t\t<div class=\"elementor-testimonial-meta elementor-has-image elementor-testimonial-image-position-aside\">\n\t\t\t\t<div class=\"elementor-testimonial-meta-inner\">\n\t\t\t\t\t\t\t\t\t\t\t<div class=\"elementor-testimonial-image\">\n\t\t\t\t\t\t\t<img decoding=\"async\" width=\"500\" height=\"500\" src=\"https:\/\/e-dentic.fr\/wp-content\/uploads\/2024\/09\/Photo-de-profil-Gilles.png\" class=\"attachment-full size-full wp-image-6919\" alt=\"Gilles Tassery Pr\u00e9sident E-Dentic\" srcset=\"https:\/\/e-dentic.fr\/wp-content\/uploads\/2024\/09\/Photo-de-profil-Gilles.png 500w, https:\/\/e-dentic.fr\/wp-content\/uploads\/2024\/09\/Photo-de-profil-Gilles-300x300.png 300w, https:\/\/e-dentic.fr\/wp-content\/uploads\/2024\/09\/Photo-de-profil-Gilles-150x150.png 150w, https:\/\/e-dentic.fr\/wp-content\/uploads\/2024\/09\/Photo-de-profil-Gilles-12x12.png 12w, https:\/\/e-dentic.fr\/wp-content\/uploads\/2024\/09\/Photo-de-profil-Gilles-100x100.png 100w\" sizes=\"(max-width: 500px) 100vw, 500px\" \/>\t\t\t\t\t\t<\/div>\n\t\t\t\t\t\n\t\t\t\t\t\t\t\t\t\t<div class=\"elementor-testimonial-details\">\n\t\t\t\t\t\t\t\t\t\t\t\t\t\t<div class=\"elementor-testimonial-name\">Gilles Tassery<\/div>\n\t\t\t\t\t\t\t\t\t\t\t\t\t\t\t\t\t\t\t\t\t\t<div class=\"elementor-testimonial-job\">Pr\u00e9sident E-DENTIC<\/div>\n\t\t\t\t\t\t\t\t\t\t\t\t\t<\/div>\n\t\t\t\t\t\t\t\t\t<\/div>\n\t\t\t<\/div>\n\t\t\t\t\t<\/div>\n\t\t\t\t\t\t<\/div>\n\t\t\t\t<\/div>\n\t\t\t\t\t<\/div>\n\t\t<\/div>\n\t\t\t\t\t<\/div>\n\t\t<\/section>\n\t\t<div data-particle_enable=\"false\" data-particle-mobile-disabled=\"false\" class=\"elementor-element elementor-element-896638d e-flex e-con-boxed e-con e-parent\" data-id=\"896638d\" data-element_type=\"container\">\n\t\t\t\t\t<div class=\"e-con-inner\">\n\t\t<div data-particle_enable=\"false\" data-particle-mobile-disabled=\"false\" class=\"elementor-element elementor-element-55f5473 e-grid e-con-full e-con e-child\" data-id=\"55f5473\" data-element_type=\"container\" data-settings=\"{&quot;background_background&quot;:&quot;classic&quot;}\">\n\t\t\t\t<\/div>\n\t\t\t\t\t<\/div>\n\t\t\t\t<\/div>\n\t\t<div data-particle_enable=\"false\" data-particle-mobile-disabled=\"false\" class=\"elementor-element elementor-element-55f53ab e-grid e-con-boxed e-con e-parent\" data-id=\"55f53ab\" data-element_type=\"container\">\n\t\t\t\t\t<div class=\"e-con-inner\">\n\t\t\t\t\t<\/div>\n\t\t\t\t<\/div>\n\t\t<div data-particle_enable=\"false\" data-particle-mobile-disabled=\"false\" class=\"elementor-element elementor-element-01a3430 e-grid e-con-boxed e-con e-parent\" data-id=\"01a3430\" data-element_type=\"container\" data-settings=\"{&quot;background_background&quot;:&quot;classic&quot;}\">\n\t\t\t\t\t<div class=\"e-con-inner\">\n\t\t\t\t<div class=\"elementor-element elementor-element-ada6169 elementor-widget__width-inherit elementor-widget elementor-widget-icon-box\" data-id=\"ada6169\" data-element_type=\"widget\" data-widget_type=\"icon-box.default\">\n\t\t\t\t<div class=\"elementor-widget-container\">\n\t\t\t\t\t\t\t<div class=\"elementor-icon-box-wrapper\">\n\n\t\t\t\n\t\t\t\t\t\t<div class=\"elementor-icon-box-content\">\n\n\t\t\t\t\t\t\t\t\t<h2 class=\"elementor-icon-box-title\">\n\t\t\t\t\t\t<span  >\n\t\t\t\t\t\t\tNotre expertise Wi-Fi\t\t\t\t\t\t<\/span>\n\t\t\t\t\t<\/h2>\n\t\t\t\t\n\t\t\t\t\t\t\t\t\t<p class=\"elementor-icon-box-description\">\n\t\t\t\t\t\tLeaders de l'entrep\u00f4t connect\u00e9 depuis plus de 10 ans, nous faisons du Wi-Fi un pilier de performance logistique. Gr\u00e2ce \u00e0 notre expertise, nous concevons et d\u00e9ployons des solutions r\u00e9seau sur mesure, adapt\u00e9es aux sp\u00e9cificit\u00e9s de chaque entrep\u00f4t afin de garantir une connectivit\u00e9 fiable\t\t\t\t\t<\/p>\n\t\t\t\t\n\t\t\t<\/div>\n\t\t\t\n\t\t<\/div>\n\t\t\t\t\t\t<\/div>\n\t\t\t\t<\/div>\n\t\t\t\t<div class=\"elementor-element elementor-element-1d696b4 elementor-align-center elementor-widget__width-initial elementor-mobile-align-justify elementor-widget-mobile__width-inherit animated-slow elementor-widget elementor-widget-button\" data-id=\"1d696b4\" data-element_type=\"widget\" data-settings=\"{&quot;_animation&quot;:&quot;none&quot;}\" data-widget_type=\"button.default\">\n\t\t\t\t<div class=\"elementor-widget-container\">\n\t\t\t\t\t\t\t\t\t<div class=\"elementor-button-wrapper\">\n\t\t\t\t\t<a class=\"elementor-button elementor-size-md\" role=\"button\">\n\t\t\t\t\t\t<span class=\"elementor-button-content-wrapper\">\n\t\t\t\t\t\t<span class=\"elementor-button-icon\">\n\t\t\t\t<svg aria-hidden=\"true\" class=\"e-font-icon-svg e-fas-angle-right\" viewBox=\"0 0 256 512\" xmlns=\"http:\/\/www.w3.org\/2000\/svg\"><path d=\"M224.3 273l-136 136c-9.4 9.4-24.6 9.4-33.9 0l-22.6-22.6c-9.4-9.4-9.4-24.6 0-33.9l96.4-96.4-96.4-96.4c-9.4-9.4-9.4-24.6 0-33.9L54.3 103c9.4-9.4 24.6-9.4 33.9 0l136 136c9.5 9.4 9.5 24.6.1 34z\"><\/path><\/svg>\t\t\t<\/span>\n\t\t\t\t\t\t\t\t\t<span class=\"elementor-button-text\">t\u00e9l\u00e9charger la fiche expertise<\/span>\n\t\t\t\t\t<\/span>\n\t\t\t\t\t<\/a>\n\t\t\t\t<\/div>\n\t\t\t\t\t\t\t\t<\/div>\n\t\t\t\t<\/div>\n\t\t\t\t\t<\/div>\n\t\t\t\t<\/div>\n\t\t\t\t\t\t\t<\/div>\n\t\t\t\t<\/div>\n\t\t\n\n\n\n<div style=\"height:25px\" aria-hidden=\"true\" class=\"wp-block-spacer\"><\/div>\n\n\n\n<p>Pour plus d\u2019informations sur ce rapprochement et les nouvelles opportunit\u00e9s \u00e0 venir, n\u2019h\u00e9sitez pas \u00e0 nous contacter.<\/p>\n\n\n\n<p><\/p>\n","protected":false},"excerpt":{"rendered":"<p>E-Dentic est fier d&rsquo;annoncer un rapprochement strat\u00e9gique avec le groupe Barcodis, leader reconnu dans le secteur de l&rsquo;impression pose. Ce partenariat marque une \u00e9tape majeure dans notre d\u00e9veloppement et notre ambition de rester \u00e0 la pointe de l&rsquo;innovation au service des acteurs de la Supply Chain. Gr\u00e2ce \u00e0 l&rsquo;expertise industrielle de Barcodis, E-Dentic consolide sa [&hellip;]<\/p>\n","protected":false},"author":1,"featured_media":6927,"comment_status":"closed","ping_status":"open","sticky":false,"template":"","format":"standard","meta":{"inline_featured_image":false,"footnotes":""},"categories":[46],"tags":[],"class_list":["post-6892","post","type-post","status-publish","format-standard","has-post-thumbnail","hentry","category-actualites-de-linnovation"],"yoast_head":"<!-- This site is optimized with the Yoast SEO Premium plugin v22.6 (Yoast SEO v25.2) - https:\/\/yoast.com\/wordpress\/plugins\/seo\/ -->\n<title>Rapprochement strat\u00e9gique entre Barcodis et E-Dentic<\/title>\n<meta name=\"description\" content=\"D\u00e9couvrez le communiqu\u00e9 de presse concernant notre rapprochement strat\u00e9gique avec le groupe Barcodis : l&#039;apport d&#039;une offre compl\u00e8te sur le march\u00e9\" \/>\n<meta name=\"robots\" content=\"index, follow, max-snippet:-1, max-image-preview:large, max-video-preview:-1\" \/>\n<link rel=\"canonical\" href=\"https:\/\/e-dentic.fr\/fr_fr\/rapprochement-strategique-barcodis-et-e-dentic\/\" \/>\n<meta property=\"og:locale\" content=\"fr_FR\" \/>\n<meta property=\"og:type\" content=\"article\" \/>\n<meta property=\"og:title\" content=\"Communiqu\u00e9 de presse : rapprochement strat\u00e9gique entre Barcodis et E-Dentic\" \/>\n<meta property=\"og:description\" content=\"D\u00e9couvrez le communiqu\u00e9 de presse concernant notre rapprochement strat\u00e9gique avec le groupe Barcodis : l&#039;apport d&#039;une offre compl\u00e8te sur le march\u00e9\" \/>\n<meta property=\"og:url\" content=\"https:\/\/e-dentic.fr\/fr_fr\/rapprochement-strategique-barcodis-et-e-dentic\/\" \/>\n<meta property=\"og:site_name\" content=\"E-DENTIC\" \/>\n<meta property=\"article:published_time\" content=\"2024-09-09T14:01:03+00:00\" \/>\n<meta property=\"article:modified_time\" content=\"2024-09-10T15:01:58+00:00\" \/>\n<meta property=\"og:image\" content=\"https:\/\/e-dentic.fr\/wp-content\/uploads\/2024\/09\/reco-CP1-scaled.jpeg\" \/>\n\t<meta property=\"og:image:width\" content=\"2560\" \/>\n\t<meta property=\"og:image:height\" content=\"2492\" \/>\n\t<meta property=\"og:image:type\" content=\"image\/jpeg\" \/>\n<meta name=\"author\" content=\"Valentin CHAMPEAU\" \/>\n<meta name=\"twitter:card\" content=\"summary_large_image\" \/>\n<meta name=\"twitter:label1\" content=\"\u00c9crit par\" \/>\n\t<meta name=\"twitter:data1\" content=\"Valentin CHAMPEAU\" \/>\n\t<meta name=\"twitter:label2\" content=\"Dur\u00e9e de lecture estim\u00e9e\" \/>\n\t<meta name=\"twitter:data2\" content=\"2 minutes\" \/>\n<script type=\"application\/ld+json\" class=\"yoast-schema-graph\">{\"@context\":\"https:\/\/schema.org\",\"@graph\":[{\"@type\":\"Article\",\"@id\":\"https:\/\/e-dentic.fr\/rapprochement-strategique-barcodis-et-e-dentic\/#article\",\"isPartOf\":{\"@id\":\"https:\/\/e-dentic.fr\/rapprochement-strategique-barcodis-et-e-dentic\/\"},\"author\":{\"name\":\"Valentin CHAMPEAU\",\"@id\":\"https:\/\/e-dentic.fr\/#\/schema\/person\/ae948360161db517017298839ca821b7\"},\"headline\":\"Communiqu\u00e9 de presse : rapprochement strat\u00e9gique entre Barcodis et E-Dentic\",\"datePublished\":\"2024-09-09T14:01:03+00:00\",\"dateModified\":\"2024-09-10T15:01:58+00:00\",\"mainEntityOfPage\":{\"@id\":\"https:\/\/e-dentic.fr\/rapprochement-strategique-barcodis-et-e-dentic\/\"},\"wordCount\":261,\"publisher\":{\"@id\":\"https:\/\/e-dentic.fr\/#organization\"},\"image\":{\"@id\":\"https:\/\/e-dentic.fr\/rapprochement-strategique-barcodis-et-e-dentic\/#primaryimage\"},\"thumbnailUrl\":\"https:\/\/e-dentic.fr\/wp-content\/uploads\/2024\/09\/reco-CP1-scaled.jpeg\",\"articleSection\":[\"Actualit\u00e9s de l'innovation\"],\"inLanguage\":\"fr-FR\"},{\"@type\":\"WebPage\",\"@id\":\"https:\/\/e-dentic.fr\/rapprochement-strategique-barcodis-et-e-dentic\/\",\"url\":\"https:\/\/e-dentic.fr\/rapprochement-strategique-barcodis-et-e-dentic\/\",\"name\":\"Rapprochement strat\u00e9gique entre Barcodis et E-Dentic\",\"isPartOf\":{\"@id\":\"https:\/\/e-dentic.fr\/#website\"},\"primaryImageOfPage\":{\"@id\":\"https:\/\/e-dentic.fr\/rapprochement-strategique-barcodis-et-e-dentic\/#primaryimage\"},\"image\":{\"@id\":\"https:\/\/e-dentic.fr\/rapprochement-strategique-barcodis-et-e-dentic\/#primaryimage\"},\"thumbnailUrl\":\"https:\/\/e-dentic.fr\/wp-content\/uploads\/2024\/09\/reco-CP1-scaled.jpeg\",\"datePublished\":\"2024-09-09T14:01:03+00:00\",\"dateModified\":\"2024-09-10T15:01:58+00:00\",\"description\":\"D\u00e9couvrez le communiqu\u00e9 de presse concernant notre rapprochement strat\u00e9gique avec le groupe Barcodis : l'apport d'une offre compl\u00e8te sur le march\u00e9\",\"breadcrumb\":{\"@id\":\"https:\/\/e-dentic.fr\/rapprochement-strategique-barcodis-et-e-dentic\/#breadcrumb\"},\"inLanguage\":\"fr-FR\",\"potentialAction\":[{\"@type\":\"ReadAction\",\"target\":[\"https:\/\/e-dentic.fr\/rapprochement-strategique-barcodis-et-e-dentic\/\"]}]},{\"@type\":\"ImageObject\",\"inLanguage\":\"fr-FR\",\"@id\":\"https:\/\/e-dentic.fr\/rapprochement-strategique-barcodis-et-e-dentic\/#primaryimage\",\"url\":\"https:\/\/e-dentic.fr\/wp-content\/uploads\/2024\/09\/reco-CP1-scaled.jpeg\",\"contentUrl\":\"https:\/\/e-dentic.fr\/wp-content\/uploads\/2024\/09\/reco-CP1-scaled.jpeg\",\"width\":2560,\"height\":2492},{\"@type\":\"BreadcrumbList\",\"@id\":\"https:\/\/e-dentic.fr\/rapprochement-strategique-barcodis-et-e-dentic\/#breadcrumb\",\"itemListElement\":[{\"@type\":\"ListItem\",\"position\":1,\"name\":\"Accueil\",\"item\":\"https:\/\/e-dentic.fr\/fr_fr\/\"},{\"@type\":\"ListItem\",\"position\":2,\"name\":\"Communiqu\u00e9 de presse : rapprochement strat\u00e9gique entre Barcodis et E-Dentic\"}]},{\"@type\":\"WebSite\",\"@id\":\"https:\/\/e-dentic.fr\/#website\",\"url\":\"https:\/\/e-dentic.fr\/\",\"name\":\"E-DENTIC\",\"description\":\"Int\u00e9grateur de solutions logistiques innovantes\",\"publisher\":{\"@id\":\"https:\/\/e-dentic.fr\/#organization\"},\"alternateName\":\"Int\u00e9grateur de solutions logistiques innovantes\",\"potentialAction\":[{\"@type\":\"SearchAction\",\"target\":{\"@type\":\"EntryPoint\",\"urlTemplate\":\"https:\/\/e-dentic.fr\/?s={search_term_string}\"},\"query-input\":{\"@type\":\"PropertyValueSpecification\",\"valueRequired\":true,\"valueName\":\"search_term_string\"}}],\"inLanguage\":\"fr-FR\"},{\"@type\":\"Organization\",\"@id\":\"https:\/\/e-dentic.fr\/#organization\",\"name\":\"E-DENTIC\",\"url\":\"https:\/\/e-dentic.fr\/\",\"logo\":{\"@type\":\"ImageObject\",\"inLanguage\":\"fr-FR\",\"@id\":\"https:\/\/e-dentic.fr\/#\/schema\/logo\/image\/\",\"url\":\"https:\/\/e-dentic.fr\/wp-content\/uploads\/2024\/04\/E-DENTIC-logo-bleu.png\",\"contentUrl\":\"https:\/\/e-dentic.fr\/wp-content\/uploads\/2024\/04\/E-DENTIC-logo-bleu.png\",\"width\":1460,\"height\":546,\"caption\":\"E-DENTIC\"},\"image\":{\"@id\":\"https:\/\/e-dentic.fr\/#\/schema\/logo\/image\/\"},\"sameAs\":[\"https:\/\/www.linkedin.com\/company\/e-dentic\/\",\"https:\/\/www.youtube.com\/channel\/UCXOgh0CpgACK_KVKikApR9g\"]},{\"@type\":\"Person\",\"@id\":\"https:\/\/e-dentic.fr\/#\/schema\/person\/ae948360161db517017298839ca821b7\",\"name\":\"Valentin CHAMPEAU\",\"image\":{\"@type\":\"ImageObject\",\"inLanguage\":\"fr-FR\",\"@id\":\"https:\/\/e-dentic.fr\/#\/schema\/person\/image\/\",\"url\":\"https:\/\/secure.gravatar.com\/avatar\/99831f1a9418cc16b15f427379e1851b95eabaf62c03ec8edeac36255f24b2be?s=96&d=mm&r=g\",\"contentUrl\":\"https:\/\/secure.gravatar.com\/avatar\/99831f1a9418cc16b15f427379e1851b95eabaf62c03ec8edeac36255f24b2be?s=96&d=mm&r=g\",\"caption\":\"Valentin CHAMPEAU\"},\"sameAs\":[\"https:\/\/e-dentic.fr\"],\"url\":\"https:\/\/e-dentic.fr\/fr_fr\/author\/e-dentic\/\"}]}<\/script>\n<!-- \/ Yoast SEO Premium plugin. -->","yoast_head_json":{"title":"Rapprochement strat\u00e9gique entre Barcodis et E-Dentic","description":"D\u00e9couvrez le communiqu\u00e9 de presse concernant notre rapprochement strat\u00e9gique avec le groupe Barcodis : l'apport d'une offre compl\u00e8te sur le march\u00e9","robots":{"index":"index","follow":"follow","max-snippet":"max-snippet:-1","max-image-preview":"max-image-preview:large","max-video-preview":"max-video-preview:-1"},"canonical":"https:\/\/e-dentic.fr\/fr_fr\/rapprochement-strategique-barcodis-et-e-dentic\/","og_locale":"fr_FR","og_type":"article","og_title":"Communiqu\u00e9 de presse : rapprochement strat\u00e9gique entre Barcodis et E-Dentic","og_description":"D\u00e9couvrez le communiqu\u00e9 de presse concernant notre rapprochement strat\u00e9gique avec le groupe Barcodis : l'apport d'une offre compl\u00e8te sur le march\u00e9","og_url":"https:\/\/e-dentic.fr\/fr_fr\/rapprochement-strategique-barcodis-et-e-dentic\/","og_site_name":"E-DENTIC","article_published_time":"2024-09-09T14:01:03+00:00","article_modified_time":"2024-09-10T15:01:58+00:00","og_image":[{"width":2560,"height":2492,"url":"https:\/\/e-dentic.fr\/wp-content\/uploads\/2024\/09\/reco-CP1-scaled.jpeg","type":"image\/jpeg"}],"author":"Valentin CHAMPEAU","twitter_card":"summary_large_image","twitter_misc":{"\u00c9crit par":"Valentin CHAMPEAU","Dur\u00e9e de lecture estim\u00e9e":"2 minutes"},"schema":{"@context":"https:\/\/schema.org","@graph":[{"@type":"Article","@id":"https:\/\/e-dentic.fr\/rapprochement-strategique-barcodis-et-e-dentic\/#article","isPartOf":{"@id":"https:\/\/e-dentic.fr\/rapprochement-strategique-barcodis-et-e-dentic\/"},"author":{"name":"Valentin CHAMPEAU","@id":"https:\/\/e-dentic.fr\/#\/schema\/person\/ae948360161db517017298839ca821b7"},"headline":"Communiqu\u00e9 de presse : rapprochement strat\u00e9gique entre Barcodis et E-Dentic","datePublished":"2024-09-09T14:01:03+00:00","dateModified":"2024-09-10T15:01:58+00:00","mainEntityOfPage":{"@id":"https:\/\/e-dentic.fr\/rapprochement-strategique-barcodis-et-e-dentic\/"},"wordCount":261,"publisher":{"@id":"https:\/\/e-dentic.fr\/#organization"},"image":{"@id":"https:\/\/e-dentic.fr\/rapprochement-strategique-barcodis-et-e-dentic\/#primaryimage"},"thumbnailUrl":"https:\/\/e-dentic.fr\/wp-content\/uploads\/2024\/09\/reco-CP1-scaled.jpeg","articleSection":["Actualit\u00e9s de l'innovation"],"inLanguage":"fr-FR"},{"@type":"WebPage","@id":"https:\/\/e-dentic.fr\/rapprochement-strategique-barcodis-et-e-dentic\/","url":"https:\/\/e-dentic.fr\/rapprochement-strategique-barcodis-et-e-dentic\/","name":"Rapprochement strat\u00e9gique entre Barcodis et E-Dentic","isPartOf":{"@id":"https:\/\/e-dentic.fr\/#website"},"primaryImageOfPage":{"@id":"https:\/\/e-dentic.fr\/rapprochement-strategique-barcodis-et-e-dentic\/#primaryimage"},"image":{"@id":"https:\/\/e-dentic.fr\/rapprochement-strategique-barcodis-et-e-dentic\/#primaryimage"},"thumbnailUrl":"https:\/\/e-dentic.fr\/wp-content\/uploads\/2024\/09\/reco-CP1-scaled.jpeg","datePublished":"2024-09-09T14:01:03+00:00","dateModified":"2024-09-10T15:01:58+00:00","description":"D\u00e9couvrez le communiqu\u00e9 de presse concernant notre rapprochement strat\u00e9gique avec le groupe Barcodis : l'apport d'une offre compl\u00e8te sur le march\u00e9","breadcrumb":{"@id":"https:\/\/e-dentic.fr\/rapprochement-strategique-barcodis-et-e-dentic\/#breadcrumb"},"inLanguage":"fr-FR","potentialAction":[{"@type":"ReadAction","target":["https:\/\/e-dentic.fr\/rapprochement-strategique-barcodis-et-e-dentic\/"]}]},{"@type":"ImageObject","inLanguage":"fr-FR","@id":"https:\/\/e-dentic.fr\/rapprochement-strategique-barcodis-et-e-dentic\/#primaryimage","url":"https:\/\/e-dentic.fr\/wp-content\/uploads\/2024\/09\/reco-CP1-scaled.jpeg","contentUrl":"https:\/\/e-dentic.fr\/wp-content\/uploads\/2024\/09\/reco-CP1-scaled.jpeg","width":2560,"height":2492},{"@type":"BreadcrumbList","@id":"https:\/\/e-dentic.fr\/rapprochement-strategique-barcodis-et-e-dentic\/#breadcrumb","itemListElement":[{"@type":"ListItem","position":1,"name":"Accueil","item":"https:\/\/e-dentic.fr\/fr_fr\/"},{"@type":"ListItem","position":2,"name":"Communiqu\u00e9 de presse : rapprochement strat\u00e9gique entre Barcodis et E-Dentic"}]},{"@type":"WebSite","@id":"https:\/\/e-dentic.fr\/#website","url":"https:\/\/e-dentic.fr\/","name":"E-DENTIC","description":"Int\u00e9grateur de solutions logistiques innovantes","publisher":{"@id":"https:\/\/e-dentic.fr\/#organization"},"alternateName":"Int\u00e9grateur de solutions logistiques innovantes","potentialAction":[{"@type":"SearchAction","target":{"@type":"EntryPoint","urlTemplate":"https:\/\/e-dentic.fr\/?s={search_term_string}"},"query-input":{"@type":"PropertyValueSpecification","valueRequired":true,"valueName":"search_term_string"}}],"inLanguage":"fr-FR"},{"@type":"Organization","@id":"https:\/\/e-dentic.fr\/#organization","name":"E-DENTIC","url":"https:\/\/e-dentic.fr\/","logo":{"@type":"ImageObject","inLanguage":"fr-FR","@id":"https:\/\/e-dentic.fr\/#\/schema\/logo\/image\/","url":"https:\/\/e-dentic.fr\/wp-content\/uploads\/2024\/04\/E-DENTIC-logo-bleu.png","contentUrl":"https:\/\/e-dentic.fr\/wp-content\/uploads\/2024\/04\/E-DENTIC-logo-bleu.png","width":1460,"height":546,"caption":"E-DENTIC"},"image":{"@id":"https:\/\/e-dentic.fr\/#\/schema\/logo\/image\/"},"sameAs":["https:\/\/www.linkedin.com\/company\/e-dentic\/","https:\/\/www.youtube.com\/channel\/UCXOgh0CpgACK_KVKikApR9g"]},{"@type":"Person","@id":"https:\/\/e-dentic.fr\/#\/schema\/person\/ae948360161db517017298839ca821b7","name":"Valentin CHAMPEAU","image":{"@type":"ImageObject","inLanguage":"fr-FR","@id":"https:\/\/e-dentic.fr\/#\/schema\/person\/image\/","url":"https:\/\/secure.gravatar.com\/avatar\/99831f1a9418cc16b15f427379e1851b95eabaf62c03ec8edeac36255f24b2be?s=96&d=mm&r=g","contentUrl":"https:\/\/secure.gravatar.com\/avatar\/99831f1a9418cc16b15f427379e1851b95eabaf62c03ec8edeac36255f24b2be?s=96&d=mm&r=g","caption":"Valentin CHAMPEAU"},"sameAs":["https:\/\/e-dentic.fr"],"url":"https:\/\/e-dentic.fr\/fr_fr\/author\/e-dentic\/"}]}},"_links":{"self":[{"href":"https:\/\/e-dentic.fr\/fr_fr\/wp-json\/wp\/v2\/posts\/6892","targetHints":{"allow":["GET"]}}],"collection":[{"href":"https:\/\/e-dentic.fr\/fr_fr\/wp-json\/wp\/v2\/posts"}],"about":[{"href":"https:\/\/e-dentic.fr\/fr_fr\/wp-json\/wp\/v2\/types\/post"}],"author":[{"embeddable":true,"href":"https:\/\/e-dentic.fr\/fr_fr\/wp-json\/wp\/v2\/users\/1"}],"replies":[{"embeddable":true,"href":"https:\/\/e-dentic.fr\/fr_fr\/wp-json\/wp\/v2\/comments?post=6892"}],"version-history":[{"count":0,"href":"https:\/\/e-dentic.fr\/fr_fr\/wp-json\/wp\/v2\/posts\/6892\/revisions"}],"wp:featuredmedia":[{"embeddable":true,"href":"https:\/\/e-dentic.fr\/fr_fr\/wp-json\/wp\/v2\/media\/6927"}],"wp:attachment":[{"href":"https:\/\/e-dentic.fr\/fr_fr\/wp-json\/wp\/v2\/media?parent=6892"}],"wp:term":[{"taxonomy":"category","embeddable":true,"href":"https:\/\/e-dentic.fr\/fr_fr\/wp-json\/wp\/v2\/categories?post=6892"},{"taxonomy":"post_tag","embeddable":true,"href":"https:\/\/e-dentic.fr\/fr_fr\/wp-json\/wp\/v2\/tags?post=6892"}],"curies":[{"name":"wp","href":"https:\/\/api.w.org\/{rel}","templated":true}]}}