{"id":12487,"date":"2025-10-20T10:29:53","date_gmt":"2025-10-20T08:29:53","guid":{"rendered":"https:\/\/e-dentic.fr\/?p=12487"},"modified":"2026-02-25T10:11:45","modified_gmt":"2026-02-25T08:11:45","slug":"e-dentic-a-prodpack-2025-la-tracabilite-augmentee-sinvite-a-lyon-eurexpo","status":"publish","type":"post","link":"https:\/\/e-dentic.fr\/en\/e-dentic-a-prodpack-2025-la-tracabilite-augmentee-sinvite-a-lyon-eurexpo\/","title":{"rendered":"E-DENTIC \u00e0 Prod&amp;Pack 2025 : la tra\u00e7abilit\u00e9 augment\u00e9e s\u2019invite \u00e0 Lyon Eurexpo"},"content":{"rendered":"<figure class=\"wp-block-image size-large\"><img fetchpriority=\"high\" decoding=\"async\" width=\"1024\" height=\"341\" src=\"https:\/\/e-dentic.fr\/wp-content\/uploads\/2025\/10\/e-dentic-present-au-prod-and-pack-2025-1024x341.webp\" alt=\"\" class=\"wp-image-12508\" srcset=\"https:\/\/e-dentic.fr\/wp-content\/uploads\/2025\/10\/e-dentic-present-au-prod-and-pack-2025-1024x341.webp 1024w, https:\/\/e-dentic.fr\/wp-content\/uploads\/2025\/10\/e-dentic-present-au-prod-and-pack-2025-300x100.webp 300w, https:\/\/e-dentic.fr\/wp-content\/uploads\/2025\/10\/e-dentic-present-au-prod-and-pack-2025-768x256.webp 768w, https:\/\/e-dentic.fr\/wp-content\/uploads\/2025\/10\/e-dentic-present-au-prod-and-pack-2025-18x6.webp 18w, https:\/\/e-dentic.fr\/wp-content\/uploads\/2025\/10\/e-dentic-present-au-prod-and-pack-2025-1320x440.webp 1320w, https:\/\/e-dentic.fr\/wp-content\/uploads\/2025\/10\/e-dentic-present-au-prod-and-pack-2025.webp 1500w\" sizes=\"(max-width: 1024px) 100vw, 1024px\" \/><\/figure>\n\n\n\n<div style=\"height:35px\" aria-hidden=\"true\" class=\"wp-block-spacer\"><\/div>\n\n\n\n<p><strong>\u00c0 l\u2019occasion du Prod&amp;Pack\u00a02025, Barcodis, Lorge, Up Trace\u00a0et E-Dentic<\/strong>\u00a0se pr\u00e9senteront pour la premi\u00e8re fois ensemble, au travers d&rsquo;un <strong>dispositif in\u00e9dit illustrant la mise en \u0153uvre concr\u00e8te du mod\u00e8le int\u00e9gr\u00e9 unique Barcodis<\/strong>,  associant mat\u00e9riels, logiciels, consommables, conseils et services.\u00a0<\/p>\n\n\n\n<p>2\u00a0stands face \u00e0 face\u202f: <strong>Hall 7 M47 et M48<\/strong>, en vis-\u00e0-vis du <strong>showroom <\/strong>o\u00f9 sera pr\u00e9sent\u00e9 un <strong>dispositif global\u00a0de tra\u00e7abilit\u00e9 end-to-end par E-Dentic<\/strong>, capable d\u2019<strong>auto-g\u00e9n\u00e9rer les donn\u00e9es<\/strong> and <strong>s\u00e9curiser les op\u00e9rations de bout en bout<\/strong>. Une \u00ab tra\u00e7abilit\u00e9 augment\u00e9e \u00bb pens\u00e9e pour obtenir une <strong>vision end-to-end et une performance continue des op\u00e9rations<\/strong>.<\/p>\n\n\n\n<div style=\"height:35px\" aria-hidden=\"true\" class=\"wp-block-spacer\"><\/div>\n\n\n\n<h2 class=\"wp-block-heading has-black-color has-text-color has-link-color wp-elements-62c1992f9f04e659e310cbb4fc0bcdca\" id=\"h-deux-technologies-complementaires-une-solution-globale\" style=\"font-size:22px\"><strong>Deux technologies compl\u00e9mentaires, une solution globale<\/strong><\/h2>\n\n\n\n<p>La solution repose sur la fusion de deux technologies compl\u00e9mentaires : <strong>identification automatique<\/strong> des colis\/bacs et <strong>tracking vid\u00e9o synchronis\u00e9<\/strong> aux donn\u00e9es op\u00e9rationnelles. <\/p>\n\n\n\n<p>Concr\u00e8tement, chaque actif est auto-identifi\u00e9 d\u00e8s son premier passage, tandis que l\u2019action correspondante est film\u00e9e en <strong>UHD<\/strong> puis index\u00e9e dans un <strong>moteur de recherche intelligent<\/strong> (E-Visiom). R\u00e9sultat : vision continue, tra\u00e7abilit\u00e9 temps r\u00e9el et <strong>preuve visuelle impartiale<\/strong> en cas de litige. L\u2019image devient l\u2019arbitre, et la donn\u00e9e est fiabilis\u00e9e.<\/p>\n\n\n\n<ul class=\"wp-block-list\">\n<li><strong>Etape 1 : g\u00e9n\u00e9rer la donn\u00e9e<br><\/strong>Des lecteurs industriels lisent automatiquement les identifiants des bacs en un seul passage, sans intervention manuelle, et alimentent nativement WMS\/TMS\/ERP.<\/li>\n\n\n\n<li><strong>\u00c9tape 2 : enregistrer et retrouver les preuve<\/strong>s<br>Des cam\u00e9ras UHD plac\u00e9es aux zones critiques (convoyeurs, pr\u00e9paration, quais, chariots) filment en continu. Le logiciel de tracking video <strong>E-VISIOM<\/strong> fusionne images et donn\u00e9es pour une <strong>recherche multicrit\u00e8res<\/strong> et un acc\u00e8s instantan\u00e9 \u00e0 la s\u00e9quence qui fait foi (document\u00e9e, consultable et exportable en quelques clics).<\/li>\n<\/ul>\n\n\n\n<div style=\"height:35px\" aria-hidden=\"true\" class=\"wp-block-spacer\"><\/div>\n\n\n\n<div class=\"wp-block-columns is-layout-flex wp-container-core-columns-is-layout-28f84493 wp-block-columns-is-layout-flex\">\n<div class=\"wp-block-column is-vertically-aligned-center is-layout-flow wp-block-column-is-layout-flow\">\n<h2 class=\"wp-block-heading has-black-color has-text-color has-link-color wp-elements-d2d00c2006d3b49c4c83ca63697e6864\" id=\"h-avantages-amp-roi\" style=\"font-size:22px\">Avantages &amp; ROI<\/h2>\n\n\n\n<p>En combinant <strong>identification automatique<\/strong> and <strong>preuve par l\u2019image<\/strong>, le dispositif transforme la tra\u00e7abilit\u00e9 en levier op\u00e9rationnel. <\/p>\n\n\n\n<ul class=\"wp-block-list\">\n<li>Tra\u00e7abilit\u00e9 sans rupture<\/li>\n\n\n\n<li>Transparence client<\/li>\n\n\n\n<li>Efficience op\u00e9rationnelle<\/li>\n\n\n\n<li>Pilotage simplifi\u00e9<\/li>\n\n\n\n<li>Colis auto-identifi\u00e9s en temps r\u00e9el<\/li>\n\n\n\n<li>Jusqu\u2019\u00e0 <strong>\u201370 %<\/strong> de litiges<\/li>\n\n\n\n<li><strong>+40<\/strong> champs de recherche<\/li>\n\n\n\n<li><strong>100 %<\/strong> des anomalies identifi\u00e9es via E-VISIOM<\/li>\n<\/ul>\n<\/div>\n<\/div>\n\n\n\n<p><\/p>","protected":false},"excerpt":{"rendered":"<p>\u00c0 l\u2019occasion du Prod&amp;Pack\u00a02025, Barcodis, Lorge, Up Trace\u00a0et E-Dentic\u00a0se pr\u00e9senteront pour la premi\u00e8re fois ensemble, au travers d&rsquo;un dispositif in\u00e9dit illustrant la mise en \u0153uvre concr\u00e8te du mod\u00e8le int\u00e9gr\u00e9 unique Barcodis, associant mat\u00e9riels, logiciels, consommables, conseils et services.\u00a0 2\u00a0stands face \u00e0 face\u202f: Hall 7 M47 et M48, en vis-\u00e0-vis du showroom o\u00f9 sera pr\u00e9sent\u00e9 un [&hellip;]<\/p>\n","protected":false},"author":1,"featured_media":12512,"comment_status":"closed","ping_status":"open","sticky":false,"template":"","format":"standard","meta":{"inline_featured_image":false,"footnotes":""},"categories":[52],"tags":[],"class_list":["post-12487","post","type-post","status-publish","format-standard","has-post-thumbnail","hentry","category-communiques"],"yoast_head":"<!-- This site is optimized with the Yoast SEO Premium plugin v22.6 (Yoast SEO v25.2) - https:\/\/yoast.com\/wordpress\/plugins\/seo\/ -->\n<title>E-DENTIC \u00e0 Prod&amp;Pack 2025 : tra\u00e7abilit\u00e9 augment\u00e9e \u00e0 Lyon<\/title>\n<meta name=\"description\" content=\"Au Prod&amp;Pack 2025, E-DENTIC pr\u00e9sentera une solution combinant identification automatique et tracking vid\u00e9o pour une tra\u00e7abilit\u00e9 end-to-end.\" \/>\n<meta name=\"robots\" content=\"index, follow, max-snippet:-1, max-image-preview:large, max-video-preview:-1\" \/>\n<link rel=\"canonical\" href=\"https:\/\/e-dentic.fr\/en\/e-dentic-a-prodpack-2025-la-tracabilite-augmentee-sinvite-a-lyon-eurexpo\/\" \/>\n<meta property=\"og:locale\" content=\"en_GB\" \/>\n<meta property=\"og:type\" content=\"article\" \/>\n<meta property=\"og:title\" content=\"E-DENTIC \u00e0 Prod&amp;Pack 2025 : la tra\u00e7abilit\u00e9 augment\u00e9e s\u2019invite \u00e0 Lyon Eurexpo\" \/>\n<meta property=\"og:description\" content=\"Au Prod&amp;Pack 2025, E-DENTIC pr\u00e9sentera une solution combinant identification automatique et tracking vid\u00e9o pour une tra\u00e7abilit\u00e9 end-to-end.\" \/>\n<meta property=\"og:url\" content=\"https:\/\/e-dentic.fr\/en\/e-dentic-a-prodpack-2025-la-tracabilite-augmentee-sinvite-a-lyon-eurexpo\/\" \/>\n<meta property=\"og:site_name\" content=\"E-DENTIC\" \/>\n<meta property=\"article:published_time\" content=\"2025-10-20T08:29:53+00:00\" \/>\n<meta property=\"article:modified_time\" content=\"2026-02-25T08:11:45+00:00\" \/>\n<meta property=\"og:image\" content=\"https:\/\/e-dentic.fr\/wp-content\/uploads\/2025\/10\/e-dentic-prod-and-pack-lecteur-industriel-cognex.webp\" \/>\n\t<meta property=\"og:image:width\" content=\"1920\" \/>\n\t<meta property=\"og:image:height\" content=\"1080\" \/>\n\t<meta property=\"og:image:type\" content=\"image\/webp\" \/>\n<meta name=\"author\" content=\"Valentin CHAMPEAU\" \/>\n<meta name=\"twitter:card\" content=\"summary_large_image\" \/>\n<meta name=\"twitter:label1\" content=\"Written by\" \/>\n\t<meta name=\"twitter:data1\" content=\"Valentin CHAMPEAU\" \/>\n\t<meta name=\"twitter:label2\" content=\"Estimated reading time\" \/>\n\t<meta name=\"twitter:data2\" content=\"2 minutes\" \/>\n<script type=\"application\/ld+json\" class=\"yoast-schema-graph\">{\"@context\":\"https:\/\/schema.org\",\"@graph\":[{\"@type\":\"Article\",\"@id\":\"https:\/\/e-dentic.fr\/en\/e-dentic-a-prodpack-2025-la-tracabilite-augmentee-sinvite-a-lyon-eurexpo\/#article\",\"isPartOf\":{\"@id\":\"https:\/\/e-dentic.fr\/en\/e-dentic-a-prodpack-2025-la-tracabilite-augmentee-sinvite-a-lyon-eurexpo\/\"},\"author\":{\"name\":\"Valentin CHAMPEAU\",\"@id\":\"https:\/\/e-dentic.fr\/#\/schema\/person\/ae948360161db517017298839ca821b7\"},\"headline\":\"E-DENTIC \u00e0 Prod&amp;Pack 2025 : la tra\u00e7abilit\u00e9 augment\u00e9e s\u2019invite \u00e0 Lyon Eurexpo\",\"datePublished\":\"2025-10-20T08:29:53+00:00\",\"dateModified\":\"2026-02-25T08:11:45+00:00\",\"mainEntityOfPage\":{\"@id\":\"https:\/\/e-dentic.fr\/en\/e-dentic-a-prodpack-2025-la-tracabilite-augmentee-sinvite-a-lyon-eurexpo\/\"},\"wordCount\":356,\"publisher\":{\"@id\":\"https:\/\/e-dentic.fr\/#organization\"},\"image\":{\"@id\":\"https:\/\/e-dentic.fr\/en\/e-dentic-a-prodpack-2025-la-tracabilite-augmentee-sinvite-a-lyon-eurexpo\/#primaryimage\"},\"thumbnailUrl\":\"https:\/\/e-dentic.fr\/wp-content\/uploads\/2025\/10\/e-dentic-prod-and-pack-lecteur-industriel-cognex.webp\",\"articleSection\":[\"Communiqu\u00e9s\"],\"inLanguage\":\"en-GB\"},{\"@type\":\"WebPage\",\"@id\":\"https:\/\/e-dentic.fr\/en\/e-dentic-a-prodpack-2025-la-tracabilite-augmentee-sinvite-a-lyon-eurexpo\/\",\"url\":\"https:\/\/e-dentic.fr\/en\/e-dentic-a-prodpack-2025-la-tracabilite-augmentee-sinvite-a-lyon-eurexpo\/\",\"name\":\"E-DENTIC \u00e0 Prod&Pack 2025 : tra\u00e7abilit\u00e9 augment\u00e9e \u00e0 Lyon\",\"isPartOf\":{\"@id\":\"https:\/\/e-dentic.fr\/#website\"},\"primaryImageOfPage\":{\"@id\":\"https:\/\/e-dentic.fr\/en\/e-dentic-a-prodpack-2025-la-tracabilite-augmentee-sinvite-a-lyon-eurexpo\/#primaryimage\"},\"image\":{\"@id\":\"https:\/\/e-dentic.fr\/en\/e-dentic-a-prodpack-2025-la-tracabilite-augmentee-sinvite-a-lyon-eurexpo\/#primaryimage\"},\"thumbnailUrl\":\"https:\/\/e-dentic.fr\/wp-content\/uploads\/2025\/10\/e-dentic-prod-and-pack-lecteur-industriel-cognex.webp\",\"datePublished\":\"2025-10-20T08:29:53+00:00\",\"dateModified\":\"2026-02-25T08:11:45+00:00\",\"description\":\"Au Prod&Pack 2025, E-DENTIC pr\u00e9sentera une solution combinant identification automatique et tracking vid\u00e9o pour une tra\u00e7abilit\u00e9 end-to-end.\",\"breadcrumb\":{\"@id\":\"https:\/\/e-dentic.fr\/en\/e-dentic-a-prodpack-2025-la-tracabilite-augmentee-sinvite-a-lyon-eurexpo\/#breadcrumb\"},\"inLanguage\":\"en-GB\",\"potentialAction\":[{\"@type\":\"ReadAction\",\"target\":[\"https:\/\/e-dentic.fr\/en\/e-dentic-a-prodpack-2025-la-tracabilite-augmentee-sinvite-a-lyon-eurexpo\/\"]}]},{\"@type\":\"ImageObject\",\"inLanguage\":\"en-GB\",\"@id\":\"https:\/\/e-dentic.fr\/en\/e-dentic-a-prodpack-2025-la-tracabilite-augmentee-sinvite-a-lyon-eurexpo\/#primaryimage\",\"url\":\"https:\/\/e-dentic.fr\/wp-content\/uploads\/2025\/10\/e-dentic-prod-and-pack-lecteur-industriel-cognex.webp\",\"contentUrl\":\"https:\/\/e-dentic.fr\/wp-content\/uploads\/2025\/10\/e-dentic-prod-and-pack-lecteur-industriel-cognex.webp\",\"width\":1920,\"height\":1080},{\"@type\":\"BreadcrumbList\",\"@id\":\"https:\/\/e-dentic.fr\/en\/e-dentic-a-prodpack-2025-la-tracabilite-augmentee-sinvite-a-lyon-eurexpo\/#breadcrumb\",\"itemListElement\":[{\"@type\":\"ListItem\",\"position\":1,\"name\":\"Accueil\",\"item\":\"https:\/\/e-dentic.fr\/fr_fr\/\"},{\"@type\":\"ListItem\",\"position\":2,\"name\":\"E-DENTIC \u00e0 Prod&amp;Pack 2025 : la tra\u00e7abilit\u00e9 augment\u00e9e s\u2019invite \u00e0 Lyon Eurexpo\"}]},{\"@type\":\"WebSite\",\"@id\":\"https:\/\/e-dentic.fr\/#website\",\"url\":\"https:\/\/e-dentic.fr\/\",\"name\":\"E-DENTIC\",\"description\":\"Int\u00e9grateur de solutions logistiques innovantes\",\"publisher\":{\"@id\":\"https:\/\/e-dentic.fr\/#organization\"},\"alternateName\":\"Int\u00e9grateur de solutions logistiques innovantes\",\"potentialAction\":[{\"@type\":\"SearchAction\",\"target\":{\"@type\":\"EntryPoint\",\"urlTemplate\":\"https:\/\/e-dentic.fr\/?s={search_term_string}\"},\"query-input\":{\"@type\":\"PropertyValueSpecification\",\"valueRequired\":true,\"valueName\":\"search_term_string\"}}],\"inLanguage\":\"en-GB\"},{\"@type\":\"Organization\",\"@id\":\"https:\/\/e-dentic.fr\/#organization\",\"name\":\"E-DENTIC\",\"url\":\"https:\/\/e-dentic.fr\/\",\"logo\":{\"@type\":\"ImageObject\",\"inLanguage\":\"en-GB\",\"@id\":\"https:\/\/e-dentic.fr\/#\/schema\/logo\/image\/\",\"url\":\"https:\/\/e-dentic.fr\/wp-content\/uploads\/2024\/04\/E-DENTIC-logo-bleu.png\",\"contentUrl\":\"https:\/\/e-dentic.fr\/wp-content\/uploads\/2024\/04\/E-DENTIC-logo-bleu.png\",\"width\":1460,\"height\":546,\"caption\":\"E-DENTIC\"},\"image\":{\"@id\":\"https:\/\/e-dentic.fr\/#\/schema\/logo\/image\/\"},\"sameAs\":[\"https:\/\/www.linkedin.com\/company\/e-dentic\/\",\"https:\/\/www.youtube.com\/channel\/UCXOgh0CpgACK_KVKikApR9g\"]},{\"@type\":\"Person\",\"@id\":\"https:\/\/e-dentic.fr\/#\/schema\/person\/ae948360161db517017298839ca821b7\",\"name\":\"Valentin CHAMPEAU\",\"image\":{\"@type\":\"ImageObject\",\"inLanguage\":\"en-GB\",\"@id\":\"https:\/\/e-dentic.fr\/#\/schema\/person\/image\/\",\"url\":\"https:\/\/secure.gravatar.com\/avatar\/99831f1a9418cc16b15f427379e1851b95eabaf62c03ec8edeac36255f24b2be?s=96&d=mm&r=g\",\"contentUrl\":\"https:\/\/secure.gravatar.com\/avatar\/99831f1a9418cc16b15f427379e1851b95eabaf62c03ec8edeac36255f24b2be?s=96&d=mm&r=g\",\"caption\":\"Valentin CHAMPEAU\"},\"sameAs\":[\"https:\/\/e-dentic.fr\"],\"url\":\"https:\/\/e-dentic.fr\/en\/author\/e-dentic\/\"}]}<\/script>\n<!-- \/ Yoast SEO Premium plugin. -->","yoast_head_json":{"title":"E-DENTIC \u00e0 Prod&Pack 2025 : tra\u00e7abilit\u00e9 augment\u00e9e \u00e0 Lyon","description":"Au Prod&Pack 2025, E-DENTIC pr\u00e9sentera une solution combinant identification automatique et tracking vid\u00e9o pour une tra\u00e7abilit\u00e9 end-to-end.","robots":{"index":"index","follow":"follow","max-snippet":"max-snippet:-1","max-image-preview":"max-image-preview:large","max-video-preview":"max-video-preview:-1"},"canonical":"https:\/\/e-dentic.fr\/en\/e-dentic-a-prodpack-2025-la-tracabilite-augmentee-sinvite-a-lyon-eurexpo\/","og_locale":"en_GB","og_type":"article","og_title":"E-DENTIC \u00e0 Prod&amp;Pack 2025 : la tra\u00e7abilit\u00e9 augment\u00e9e s\u2019invite \u00e0 Lyon Eurexpo","og_description":"Au Prod&Pack 2025, E-DENTIC pr\u00e9sentera une solution combinant identification automatique et tracking vid\u00e9o pour une tra\u00e7abilit\u00e9 end-to-end.","og_url":"https:\/\/e-dentic.fr\/en\/e-dentic-a-prodpack-2025-la-tracabilite-augmentee-sinvite-a-lyon-eurexpo\/","og_site_name":"E-DENTIC","article_published_time":"2025-10-20T08:29:53+00:00","article_modified_time":"2026-02-25T08:11:45+00:00","og_image":[{"width":1920,"height":1080,"url":"https:\/\/e-dentic.fr\/wp-content\/uploads\/2025\/10\/e-dentic-prod-and-pack-lecteur-industriel-cognex.webp","type":"image\/webp"}],"author":"Valentin CHAMPEAU","twitter_card":"summary_large_image","twitter_misc":{"Written by":"Valentin CHAMPEAU","Estimated reading time":"2 minutes"},"schema":{"@context":"https:\/\/schema.org","@graph":[{"@type":"Article","@id":"https:\/\/e-dentic.fr\/en\/e-dentic-a-prodpack-2025-la-tracabilite-augmentee-sinvite-a-lyon-eurexpo\/#article","isPartOf":{"@id":"https:\/\/e-dentic.fr\/en\/e-dentic-a-prodpack-2025-la-tracabilite-augmentee-sinvite-a-lyon-eurexpo\/"},"author":{"name":"Valentin CHAMPEAU","@id":"https:\/\/e-dentic.fr\/#\/schema\/person\/ae948360161db517017298839ca821b7"},"headline":"E-DENTIC \u00e0 Prod&amp;Pack 2025 : la tra\u00e7abilit\u00e9 augment\u00e9e s\u2019invite \u00e0 Lyon Eurexpo","datePublished":"2025-10-20T08:29:53+00:00","dateModified":"2026-02-25T08:11:45+00:00","mainEntityOfPage":{"@id":"https:\/\/e-dentic.fr\/en\/e-dentic-a-prodpack-2025-la-tracabilite-augmentee-sinvite-a-lyon-eurexpo\/"},"wordCount":356,"publisher":{"@id":"https:\/\/e-dentic.fr\/#organization"},"image":{"@id":"https:\/\/e-dentic.fr\/en\/e-dentic-a-prodpack-2025-la-tracabilite-augmentee-sinvite-a-lyon-eurexpo\/#primaryimage"},"thumbnailUrl":"https:\/\/e-dentic.fr\/wp-content\/uploads\/2025\/10\/e-dentic-prod-and-pack-lecteur-industriel-cognex.webp","articleSection":["Communiqu\u00e9s"],"inLanguage":"en-GB"},{"@type":"WebPage","@id":"https:\/\/e-dentic.fr\/en\/e-dentic-a-prodpack-2025-la-tracabilite-augmentee-sinvite-a-lyon-eurexpo\/","url":"https:\/\/e-dentic.fr\/en\/e-dentic-a-prodpack-2025-la-tracabilite-augmentee-sinvite-a-lyon-eurexpo\/","name":"E-DENTIC \u00e0 Prod&Pack 2025 : tra\u00e7abilit\u00e9 augment\u00e9e \u00e0 Lyon","isPartOf":{"@id":"https:\/\/e-dentic.fr\/#website"},"primaryImageOfPage":{"@id":"https:\/\/e-dentic.fr\/en\/e-dentic-a-prodpack-2025-la-tracabilite-augmentee-sinvite-a-lyon-eurexpo\/#primaryimage"},"image":{"@id":"https:\/\/e-dentic.fr\/en\/e-dentic-a-prodpack-2025-la-tracabilite-augmentee-sinvite-a-lyon-eurexpo\/#primaryimage"},"thumbnailUrl":"https:\/\/e-dentic.fr\/wp-content\/uploads\/2025\/10\/e-dentic-prod-and-pack-lecteur-industriel-cognex.webp","datePublished":"2025-10-20T08:29:53+00:00","dateModified":"2026-02-25T08:11:45+00:00","description":"Au Prod&Pack 2025, E-DENTIC pr\u00e9sentera une solution combinant identification automatique et tracking vid\u00e9o pour une tra\u00e7abilit\u00e9 end-to-end.","breadcrumb":{"@id":"https:\/\/e-dentic.fr\/en\/e-dentic-a-prodpack-2025-la-tracabilite-augmentee-sinvite-a-lyon-eurexpo\/#breadcrumb"},"inLanguage":"en-GB","potentialAction":[{"@type":"ReadAction","target":["https:\/\/e-dentic.fr\/en\/e-dentic-a-prodpack-2025-la-tracabilite-augmentee-sinvite-a-lyon-eurexpo\/"]}]},{"@type":"ImageObject","inLanguage":"en-GB","@id":"https:\/\/e-dentic.fr\/en\/e-dentic-a-prodpack-2025-la-tracabilite-augmentee-sinvite-a-lyon-eurexpo\/#primaryimage","url":"https:\/\/e-dentic.fr\/wp-content\/uploads\/2025\/10\/e-dentic-prod-and-pack-lecteur-industriel-cognex.webp","contentUrl":"https:\/\/e-dentic.fr\/wp-content\/uploads\/2025\/10\/e-dentic-prod-and-pack-lecteur-industriel-cognex.webp","width":1920,"height":1080},{"@type":"BreadcrumbList","@id":"https:\/\/e-dentic.fr\/en\/e-dentic-a-prodpack-2025-la-tracabilite-augmentee-sinvite-a-lyon-eurexpo\/#breadcrumb","itemListElement":[{"@type":"ListItem","position":1,"name":"Accueil","item":"https:\/\/e-dentic.fr\/fr_fr\/"},{"@type":"ListItem","position":2,"name":"E-DENTIC \u00e0 Prod&amp;Pack 2025 : la tra\u00e7abilit\u00e9 augment\u00e9e s\u2019invite \u00e0 Lyon Eurexpo"}]},{"@type":"WebSite","@id":"https:\/\/e-dentic.fr\/#website","url":"https:\/\/e-dentic.fr\/","name":"E-DENTIC","description":"Integrator of innovative logistics solutions","publisher":{"@id":"https:\/\/e-dentic.fr\/#organization"},"alternateName":"Int\u00e9grateur de solutions logistiques innovantes","potentialAction":[{"@type":"SearchAction","target":{"@type":"EntryPoint","urlTemplate":"https:\/\/e-dentic.fr\/?s={search_term_string}"},"query-input":{"@type":"PropertyValueSpecification","valueRequired":true,"valueName":"search_term_string"}}],"inLanguage":"en-GB"},{"@type":"Organization","@id":"https:\/\/e-dentic.fr\/#organization","name":"E-DENTIC","url":"https:\/\/e-dentic.fr\/","logo":{"@type":"ImageObject","inLanguage":"en-GB","@id":"https:\/\/e-dentic.fr\/#\/schema\/logo\/image\/","url":"https:\/\/e-dentic.fr\/wp-content\/uploads\/2024\/04\/E-DENTIC-logo-bleu.png","contentUrl":"https:\/\/e-dentic.fr\/wp-content\/uploads\/2024\/04\/E-DENTIC-logo-bleu.png","width":1460,"height":546,"caption":"E-DENTIC"},"image":{"@id":"https:\/\/e-dentic.fr\/#\/schema\/logo\/image\/"},"sameAs":["https:\/\/www.linkedin.com\/company\/e-dentic\/","https:\/\/www.youtube.com\/channel\/UCXOgh0CpgACK_KVKikApR9g"]},{"@type":"Person","@id":"https:\/\/e-dentic.fr\/#\/schema\/person\/ae948360161db517017298839ca821b7","name":"Valentin CHAMPEAU","image":{"@type":"ImageObject","inLanguage":"en-GB","@id":"https:\/\/e-dentic.fr\/#\/schema\/person\/image\/","url":"https:\/\/secure.gravatar.com\/avatar\/99831f1a9418cc16b15f427379e1851b95eabaf62c03ec8edeac36255f24b2be?s=96&d=mm&r=g","contentUrl":"https:\/\/secure.gravatar.com\/avatar\/99831f1a9418cc16b15f427379e1851b95eabaf62c03ec8edeac36255f24b2be?s=96&d=mm&r=g","caption":"Valentin CHAMPEAU"},"sameAs":["https:\/\/e-dentic.fr"],"url":"https:\/\/e-dentic.fr\/en\/author\/e-dentic\/"}]}},"_links":{"self":[{"href":"https:\/\/e-dentic.fr\/en\/wp-json\/wp\/v2\/posts\/12487","targetHints":{"allow":["GET"]}}],"collection":[{"href":"https:\/\/e-dentic.fr\/en\/wp-json\/wp\/v2\/posts"}],"about":[{"href":"https:\/\/e-dentic.fr\/en\/wp-json\/wp\/v2\/types\/post"}],"author":[{"embeddable":true,"href":"https:\/\/e-dentic.fr\/en\/wp-json\/wp\/v2\/users\/1"}],"replies":[{"embeddable":true,"href":"https:\/\/e-dentic.fr\/en\/wp-json\/wp\/v2\/comments?post=12487"}],"version-history":[{"count":14,"href":"https:\/\/e-dentic.fr\/en\/wp-json\/wp\/v2\/posts\/12487\/revisions"}],"predecessor-version":[{"id":12520,"href":"https:\/\/e-dentic.fr\/en\/wp-json\/wp\/v2\/posts\/12487\/revisions\/12520"}],"wp:featuredmedia":[{"embeddable":true,"href":"https:\/\/e-dentic.fr\/en\/wp-json\/wp\/v2\/media\/12512"}],"wp:attachment":[{"href":"https:\/\/e-dentic.fr\/en\/wp-json\/wp\/v2\/media?parent=12487"}],"wp:term":[{"taxonomy":"category","embeddable":true,"href":"https:\/\/e-dentic.fr\/en\/wp-json\/wp\/v2\/categories?post=12487"},{"taxonomy":"post_tag","embeddable":true,"href":"https:\/\/e-dentic.fr\/en\/wp-json\/wp\/v2\/tags?post=12487"}],"curies":[{"name":"wp","href":"https:\/\/api.w.org\/{rel}","templated":true}]}}